{"id":9264,"date":"2026-04-30T09:41:37","date_gmt":"2026-04-30T07:41:37","guid":{"rendered":"https:\/\/wam.global\/wam-room\/\/?p=9264"},"modified":"2026-04-30T09:46:33","modified_gmt":"2026-04-30T07:46:33","slug":"el-mundial-2026-pone-a-prueba-la-estrategia-publicitaria-de-las-marcas","status":"publish","type":"post","link":"https:\/\/wam.global\/es\/wam-room\/el-mundial-2026-pone-a-prueba-la-estrategia-publicitaria-de-las-marcas\/","title":{"rendered":"El Mundial 2026 pone a prueba la estrategia publicitaria de las marcas"},"content":{"rendered":"<p>El Mundial de F\u00fatbol 2026, que comenzar\u00e1 en junio, se perfila como uno de los mayores acontecimientos publicitarios del a\u00f1o. Ser\u00e1 la edici\u00f3n m\u00e1s grande de la historia, con 48 selecciones, 104 partidos y tres pa\u00edses anfitriones, Estados Unidos, M\u00e9xico y Canad\u00e1, lo que multiplicar\u00e1 los momentos de consumo, conversaci\u00f3n y activaci\u00f3n para las marcas, seg\u00fan datos de FIFA.<br \/>\nLa dimensi\u00f3n publicitaria del torneo tambi\u00e9n ser\u00e1 especialmente relevante. WARC estima que el Mundial 2026 podr\u00eda inyectar 10.500 millones de d\u00f3lares en el mercado publicitario global, reforzando la idea de que el campeonato ser\u00e1 una de las grandes batallas por la atenci\u00f3n de marcas y consumidores este a\u00f1o.<\/p>\n<p>En este contexto, WAM, ecosistema h\u00edbrido donde estrategia, tecnolog\u00eda y creatividad se conectan para transformar marcas y negocios, se\u00f1ala que el reto ya no estar\u00e1 solo en aparecer durante el torneo, la clave estar\u00e1 en convertir ese pico de atenci\u00f3n en una relaci\u00f3n \u00fatil con el consumidor. Esto implica activar cada momento con una l\u00f3gica conectada, ya sea a trav\u00e9s de promociones en d\u00edas de partido, contenidos vinculados a viajes y experiencias en destino, ofertas adaptadas al calendario o acciones asociadas al ocio, la restauraci\u00f3n y los medios de pago.<\/p>\n<h2>Activaci\u00f3n antes, durante y despu\u00e9s<\/h2>\n<p>El Mundial debe entenderse como un ecosistema de activaci\u00f3n y no como una campa\u00f1a aislada. La fase previa, los partidos clave, las eliminatorias, la final y el post-torneo generan comportamientos distintos y requieren mensajes, canales y niveles de activaci\u00f3n diferentes. Cada momento puede convertirse en una oportunidad para captar audiencias, activar promociones, generar tr\u00e1fico cualificado, alimentar una base de datos o impulsar ventas.<\/p>\n<p>A esa escala medi\u00e1tica se suma tambi\u00e9n el impacto presencial. FIFA prev\u00e9 que 6,5 millones de aficionados asistan a los estadios durante el torneo, un volumen que ampl\u00eda las oportunidades de activaci\u00f3n para sectores como viajes, restauraci\u00f3n, retail, gran consumo, tecnolog\u00eda o medios de pago.<\/p>\n<p>En este escenario, la creatividad seguir\u00e1 siendo determinante, pero no podr\u00e1 funcionar de forma aislada. Las marcas deber\u00e1n conectar sus ideas con datos propios, planificaci\u00f3n de medios, CRM y automatizaci\u00f3n para evitar que la inversi\u00f3n se traduzca \u00fanicamente en alcance. El punto de partida ya no deber\u00eda ser solo qu\u00e9 campa\u00f1a lanzar, tambi\u00e9n qu\u00e9 arquitectura permite que esa campa\u00f1a tenga continuidad, aprenda del comportamiento del consumidor y active respuestas diferentes seg\u00fan el momento, el perfil o la intenci\u00f3n del usuario.<\/p>\n<h2>El partido tambi\u00e9n se juega en redes sociales<\/h2>\n<p>Las redes sociales, los creadores y los entornos digitales tambi\u00e9n tendr\u00e1n un papel clave. Aunque la televisi\u00f3n seguir\u00e1 siendo un gran punto de encuentro, buena parte de la conversaci\u00f3n se producir\u00e1 en plataformas sociales, v\u00eddeo, canales de mensajer\u00eda y comunidades digitales. Para muchas marcas, estos espacios ser\u00e1n fundamentales para conectar con audiencias j\u00f3venes y transformar la conversaci\u00f3n en acci\u00f3n.<\/p>\n<p>La \u00faltima edici\u00f3n del torneo ya anticip\u00f3 esta evoluci\u00f3n. Seg\u00fan FIFA, alrededor de 5.000 millones de personas interactuaron con la Copa Mundial de Catar 2022 a trav\u00e9s de distintas plataformas y dispositivos, mientras que la final entre Argentina y Francia gener\u00f3 93,6 millones de publicaciones en todas las plataformas, con un alcance acumulado de 262.000 millones y 5.950 millones de interacciones. Estos datos muestran que el Mundial ya no se consume \u00fanicamente como retransmisi\u00f3n deportiva, sino como un ecosistema de contenidos, conversaci\u00f3n y participaci\u00f3n en tiempo real, donde las marcas necesitan activar mensajes nativos, adaptados al contexto y conectados con objetivos medibles.<\/p>\n<p>\u201cEl Mundial va a concentrar conversaci\u00f3n, emoci\u00f3n y consumo, pero tambi\u00e9n mucho ruido. Las marcas que mejor lo aprovechen no ser\u00e1n necesariamente las que m\u00e1s inviertan, ser\u00e1n las que sepan conectar creatividad, datos y ejecuci\u00f3n en tiempo real. Ah\u00ed es donde la publicidad deja de ser una campa\u00f1a y se convierte en un sistema de activaci\u00f3n\u201d, se\u00f1ala Jorge Carriazo, Head of Strategy &amp; MarTech de WAM.<\/p>","protected":false},"excerpt":{"rendered":"<p>El Mundial de F\u00fatbol 2026, que comenzar\u00e1 en junio, se perfila como uno de los mayores acontecimientos publicitarios del a\u00f1o. Ser\u00e1 la edici\u00f3n m\u00e1s grande de la historia, con 48 selecciones, 104 partidos y tres pa\u00edses anfitriones, Estados Unidos, M\u00e9xico y Canad\u00e1, lo que multiplicar\u00e1 los momentos de consumo, conversaci\u00f3n y activaci\u00f3n para las marcas, [&hellip;]<\/p>\n","protected":false},"author":109,"featured_media":9265,"comment_status":"closed","ping_status":"open","sticky":false,"template":"","format":"standard","meta":{"_acf_changed":false,"footnotes":""},"categories":[49,50],"tags":[],"solutions":[55],"formats":[274],"class_list":["post-9264","post","type-post","status-publish","format-standard","has-post-thumbnail","hentry","category-marketing","category-tecnologia","solutions-media-optimization-to-grow","formats-prensa"],"acf":[],"yoast_head":"<!-- This site is optimized with the Yoast SEO Premium plugin v26.7 (Yoast SEO v27.2) - https:\/\/yoast.com\/product\/yoast-seo-premium-wordpress\/ -->\n<title>El Mundial 2026 pone a prueba la estrategia publicitaria de las marcas | WAM<\/title>\n<meta name=\"description\" content=\"El Mundial de F\u00fatbol 2026, que comenzar\u00e1 en junio, se perfila como uno de los mayores acontecimientos publicitarios del a\u00f1o. \u00bfC\u00f3mo destacar en el Mundial 2026? Analizamos el reto de las marcas ante una inversi\u00f3n r\u00e9cord y la necesidad de activar estrategias conectadas en tiempo real.\" \/>\n<meta name=\"robots\" content=\"index, follow, max-snippet:-1, max-image-preview:large, max-video-preview:-1\" \/>\n<link rel=\"canonical\" href=\"https:\/\/wam.global\/es\/wam-room\/el-mundial-2026-pone-a-prueba-la-estrategia-publicitaria-de-las-marcas\/\" \/>\n<meta property=\"og:locale\" content=\"es_ES\" \/>\n<meta property=\"og:type\" content=\"article\" \/>\n<meta property=\"og:title\" content=\"El Mundial 2026 pone a prueba la estrategia publicitaria de las marcas\" \/>\n<meta property=\"og:description\" content=\"El Mundial de F\u00fatbol 2026, que comenzar\u00e1 en junio, se perfila como uno de los mayores acontecimientos publicitarios del a\u00f1o. \u00bfC\u00f3mo destacar en el Mundial 2026? Analizamos el reto de las marcas ante una inversi\u00f3n r\u00e9cord y la necesidad de activar estrategias conectadas en tiempo real.\" \/>\n<meta property=\"og:url\" content=\"https:\/\/wam.global\/es\/wam-room\/el-mundial-2026-pone-a-prueba-la-estrategia-publicitaria-de-las-marcas\/\" \/>\n<meta property=\"og:site_name\" content=\"WAM\" \/>\n<meta property=\"article:publisher\" content=\"https:\/\/www.facebook.com\/global.wam\" \/>\n<meta property=\"article:published_time\" content=\"2026-04-30T07:41:37+00:00\" \/>\n<meta property=\"article:modified_time\" content=\"2026-04-30T07:46:33+00:00\" \/>\n<meta property=\"og:image\" content=\"https:\/\/wam.global\/wp-content\/uploads\/2026\/04\/wam-comms-blog-mundial-3004-1200x675.png\" \/>\n\t<meta property=\"og:image:width\" content=\"1200\" \/>\n\t<meta property=\"og:image:height\" content=\"675\" \/>\n\t<meta property=\"og:image:type\" content=\"image\/png\" \/>\n<meta name=\"author\" content=\"Diana Serafim\" \/>\n<meta name=\"twitter:card\" content=\"summary_large_image\" \/>\n<meta name=\"twitter:creator\" content=\"@wearemktWAM\" \/>\n<meta name=\"twitter:site\" content=\"@wearemktWAM\" \/>\n<meta name=\"twitter:label1\" content=\"Escrito por\" \/>\n\t<meta name=\"twitter:data1\" content=\"Diana Serafim\" \/>\n\t<meta name=\"twitter:label2\" content=\"Tiempo de lectura\" \/>\n\t<meta name=\"twitter:data2\" content=\"4 minutos\" \/>\n<script type=\"application\/ld+json\" class=\"yoast-schema-graph\">{\"@context\":\"https:\/\/schema.org\",\"@graph\":[{\"@type\":\"Article\",\"@id\":\"https:\/\/wam.global\/es\/wam-room\/el-mundial-2026-pone-a-prueba-la-estrategia-publicitaria-de-las-marcas\/#article\",\"isPartOf\":{\"@id\":\"https:\/\/wam.global\/es\/wam-room\/el-mundial-2026-pone-a-prueba-la-estrategia-publicitaria-de-las-marcas\/\"},\"author\":{\"name\":\"Diana Serafim\",\"@id\":\"https:\/\/wam.global\/es\/#\/schema\/person\/621c5e87e8362d3a875154c181a02f53\"},\"headline\":\"El Mundial 2026 pone a prueba la estrategia publicitaria de las marcas\",\"datePublished\":\"2026-04-30T07:41:37+00:00\",\"dateModified\":\"2026-04-30T07:46:33+00:00\",\"mainEntityOfPage\":{\"@id\":\"https:\/\/wam.global\/es\/wam-room\/el-mundial-2026-pone-a-prueba-la-estrategia-publicitaria-de-las-marcas\/\"},\"wordCount\":699,\"publisher\":{\"@id\":\"https:\/\/wam.global\/es\/#organization\"},\"image\":{\"@id\":\"https:\/\/wam.global\/es\/wam-room\/el-mundial-2026-pone-a-prueba-la-estrategia-publicitaria-de-las-marcas\/#primaryimage\"},\"thumbnailUrl\":\"https:\/\/wam.global\/wp-content\/uploads\/2026\/04\/wam-comms-blog-mundial-3004.png\",\"articleSection\":[\"Marketing\",\"Tecnolog\u00eda\"],\"inLanguage\":\"es\"},{\"@type\":\"WebPage\",\"@id\":\"https:\/\/wam.global\/es\/wam-room\/el-mundial-2026-pone-a-prueba-la-estrategia-publicitaria-de-las-marcas\/\",\"url\":\"https:\/\/wam.global\/es\/wam-room\/el-mundial-2026-pone-a-prueba-la-estrategia-publicitaria-de-las-marcas\/\",\"name\":\"El Mundial 2026 pone a prueba la estrategia publicitaria de las marcas | WAM\",\"isPartOf\":{\"@id\":\"https:\/\/wam.global\/es\/#website\"},\"primaryImageOfPage\":{\"@id\":\"https:\/\/wam.global\/es\/wam-room\/el-mundial-2026-pone-a-prueba-la-estrategia-publicitaria-de-las-marcas\/#primaryimage\"},\"image\":{\"@id\":\"https:\/\/wam.global\/es\/wam-room\/el-mundial-2026-pone-a-prueba-la-estrategia-publicitaria-de-las-marcas\/#primaryimage\"},\"thumbnailUrl\":\"https:\/\/wam.global\/wp-content\/uploads\/2026\/04\/wam-comms-blog-mundial-3004.png\",\"datePublished\":\"2026-04-30T07:41:37+00:00\",\"dateModified\":\"2026-04-30T07:46:33+00:00\",\"description\":\"El Mundial de F\u00fatbol 2026, que comenzar\u00e1 en junio, se perfila como uno de los mayores acontecimientos publicitarios del a\u00f1o. \u00bfC\u00f3mo destacar en el Mundial 2026? Analizamos el reto de las marcas ante una inversi\u00f3n r\u00e9cord y la necesidad de activar estrategias conectadas en tiempo real.\",\"breadcrumb\":{\"@id\":\"https:\/\/wam.global\/es\/wam-room\/el-mundial-2026-pone-a-prueba-la-estrategia-publicitaria-de-las-marcas\/#breadcrumb\"},\"inLanguage\":\"es\",\"potentialAction\":[{\"@type\":\"ReadAction\",\"target\":[\"https:\/\/wam.global\/es\/wam-room\/el-mundial-2026-pone-a-prueba-la-estrategia-publicitaria-de-las-marcas\/\"]}]},{\"@type\":\"ImageObject\",\"inLanguage\":\"es\",\"@id\":\"https:\/\/wam.global\/es\/wam-room\/el-mundial-2026-pone-a-prueba-la-estrategia-publicitaria-de-las-marcas\/#primaryimage\",\"url\":\"https:\/\/wam.global\/wp-content\/uploads\/2026\/04\/wam-comms-blog-mundial-3004.png\",\"contentUrl\":\"https:\/\/wam.global\/wp-content\/uploads\/2026\/04\/wam-comms-blog-mundial-3004.png\",\"width\":1600,\"height\":900},{\"@type\":\"BreadcrumbList\",\"@id\":\"https:\/\/wam.global\/es\/wam-room\/el-mundial-2026-pone-a-prueba-la-estrategia-publicitaria-de-las-marcas\/#breadcrumb\",\"itemListElement\":[{\"@type\":\"ListItem\",\"position\":1,\"name\":\"Portada\",\"item\":\"https:\/\/wam.global\/es\/\"},{\"@type\":\"ListItem\",\"position\":2,\"name\":\"El Mundial 2026 pone a prueba la estrategia publicitaria de las marcas\"}]},{\"@type\":\"WebSite\",\"@id\":\"https:\/\/wam.global\/es\/#website\",\"url\":\"https:\/\/wam.global\/es\/\",\"name\":\"WAM\",\"description\":\"The hybrid reference where Technology mixes with Creativity Consulting with Execution and Brands with People.\",\"publisher\":{\"@id\":\"https:\/\/wam.global\/es\/#organization\"},\"alternateName\":\"WAM\",\"potentialAction\":[{\"@type\":\"SearchAction\",\"target\":{\"@type\":\"EntryPoint\",\"urlTemplate\":\"https:\/\/wam.global\/es\/?s={search_term_string}\"},\"query-input\":{\"@type\":\"PropertyValueSpecification\",\"valueRequired\":true,\"valueName\":\"search_term_string\"}}],\"inLanguage\":\"es\"},{\"@type\":\"Organization\",\"@id\":\"https:\/\/wam.global\/es\/#organization\",\"name\":\"WAM\",\"alternateName\":\"WAM\",\"url\":\"https:\/\/wam.global\/es\/\",\"logo\":{\"@type\":\"ImageObject\",\"inLanguage\":\"es\",\"@id\":\"https:\/\/wam.global\/es\/#\/schema\/logo\/image\/\",\"url\":\"https:\/\/wam.global\/wp-content\/uploads\/2025\/09\/wam-logo-black.svg\",\"contentUrl\":\"https:\/\/wam.global\/wp-content\/uploads\/2025\/09\/wam-logo-black.svg\",\"width\":1,\"height\":1,\"caption\":\"WAM\"},\"image\":{\"@id\":\"https:\/\/wam.global\/es\/#\/schema\/logo\/image\/\"},\"sameAs\":[\"https:\/\/www.facebook.com\/global.wam\",\"https:\/\/x.com\/wearemktWAM\",\"https:\/\/www.instagram.com\/wamglobal\/\",\"https:\/\/www.linkedin.com\/company\/wearemarketing-wam\"],\"ownershipFundingInfo\":\"https:\/\/wam.global\/about\/\"},{\"@type\":\"Person\",\"@id\":\"https:\/\/wam.global\/es\/#\/schema\/person\/621c5e87e8362d3a875154c181a02f53\",\"name\":\"Diana Serafim\",\"image\":{\"@type\":\"ImageObject\",\"inLanguage\":\"es\",\"@id\":\"https:\/\/secure.gravatar.com\/avatar\/0588f4c92280d1c5a34ec78a972b8033bc21d6044e51c7750c060e0c76dd2207?s=96&d=mm&r=g\",\"url\":\"https:\/\/secure.gravatar.com\/avatar\/0588f4c92280d1c5a34ec78a972b8033bc21d6044e51c7750c060e0c76dd2207?s=96&d=mm&r=g\",\"contentUrl\":\"https:\/\/secure.gravatar.com\/avatar\/0588f4c92280d1c5a34ec78a972b8033bc21d6044e51c7750c060e0c76dd2207?s=96&d=mm&r=g\",\"caption\":\"Diana Serafim\"},\"sameAs\":[\"https:\/\/wam.global\"],\"url\":\"https:\/\/wam.global\/es\/wam-room\/author\/diana-serafim\/\"}]}<\/script>\n<!-- \/ Yoast SEO Premium plugin. -->","yoast_head_json":{"title":"El Mundial 2026 pone a prueba la estrategia publicitaria de las marcas | WAM","description":"El Mundial de F\u00fatbol 2026, que comenzar\u00e1 en junio, se perfila como uno de los mayores acontecimientos publicitarios del a\u00f1o. \u00bfC\u00f3mo destacar en el Mundial 2026? Analizamos el reto de las marcas ante una inversi\u00f3n r\u00e9cord y la necesidad de activar estrategias conectadas en tiempo real.","robots":{"index":"index","follow":"follow","max-snippet":"max-snippet:-1","max-image-preview":"max-image-preview:large","max-video-preview":"max-video-preview:-1"},"canonical":"https:\/\/wam.global\/es\/wam-room\/el-mundial-2026-pone-a-prueba-la-estrategia-publicitaria-de-las-marcas\/","og_locale":"es_ES","og_type":"article","og_title":"El Mundial 2026 pone a prueba la estrategia publicitaria de las marcas","og_description":"El Mundial de F\u00fatbol 2026, que comenzar\u00e1 en junio, se perfila como uno de los mayores acontecimientos publicitarios del a\u00f1o. \u00bfC\u00f3mo destacar en el Mundial 2026? Analizamos el reto de las marcas ante una inversi\u00f3n r\u00e9cord y la necesidad de activar estrategias conectadas en tiempo real.","og_url":"https:\/\/wam.global\/es\/wam-room\/el-mundial-2026-pone-a-prueba-la-estrategia-publicitaria-de-las-marcas\/","og_site_name":"WAM","article_publisher":"https:\/\/www.facebook.com\/global.wam","article_published_time":"2026-04-30T07:41:37+00:00","article_modified_time":"2026-04-30T07:46:33+00:00","og_image":[{"width":1200,"height":675,"url":"https:\/\/wam.global\/wp-content\/uploads\/2026\/04\/wam-comms-blog-mundial-3004-1200x675.png","type":"image\/png"}],"author":"Diana Serafim","twitter_card":"summary_large_image","twitter_creator":"@wearemktWAM","twitter_site":"@wearemktWAM","twitter_misc":{"Escrito por":"Diana Serafim","Tiempo de lectura":"4 minutos"},"schema":{"@context":"https:\/\/schema.org","@graph":[{"@type":"Article","@id":"https:\/\/wam.global\/es\/wam-room\/el-mundial-2026-pone-a-prueba-la-estrategia-publicitaria-de-las-marcas\/#article","isPartOf":{"@id":"https:\/\/wam.global\/es\/wam-room\/el-mundial-2026-pone-a-prueba-la-estrategia-publicitaria-de-las-marcas\/"},"author":{"name":"Diana Serafim","@id":"https:\/\/wam.global\/es\/#\/schema\/person\/621c5e87e8362d3a875154c181a02f53"},"headline":"El Mundial 2026 pone a prueba la estrategia publicitaria de las marcas","datePublished":"2026-04-30T07:41:37+00:00","dateModified":"2026-04-30T07:46:33+00:00","mainEntityOfPage":{"@id":"https:\/\/wam.global\/es\/wam-room\/el-mundial-2026-pone-a-prueba-la-estrategia-publicitaria-de-las-marcas\/"},"wordCount":699,"publisher":{"@id":"https:\/\/wam.global\/es\/#organization"},"image":{"@id":"https:\/\/wam.global\/es\/wam-room\/el-mundial-2026-pone-a-prueba-la-estrategia-publicitaria-de-las-marcas\/#primaryimage"},"thumbnailUrl":"https:\/\/wam.global\/wp-content\/uploads\/2026\/04\/wam-comms-blog-mundial-3004.png","articleSection":["Marketing","Tecnolog\u00eda"],"inLanguage":"es"},{"@type":"WebPage","@id":"https:\/\/wam.global\/es\/wam-room\/el-mundial-2026-pone-a-prueba-la-estrategia-publicitaria-de-las-marcas\/","url":"https:\/\/wam.global\/es\/wam-room\/el-mundial-2026-pone-a-prueba-la-estrategia-publicitaria-de-las-marcas\/","name":"El Mundial 2026 pone a prueba la estrategia publicitaria de las marcas | WAM","isPartOf":{"@id":"https:\/\/wam.global\/es\/#website"},"primaryImageOfPage":{"@id":"https:\/\/wam.global\/es\/wam-room\/el-mundial-2026-pone-a-prueba-la-estrategia-publicitaria-de-las-marcas\/#primaryimage"},"image":{"@id":"https:\/\/wam.global\/es\/wam-room\/el-mundial-2026-pone-a-prueba-la-estrategia-publicitaria-de-las-marcas\/#primaryimage"},"thumbnailUrl":"https:\/\/wam.global\/wp-content\/uploads\/2026\/04\/wam-comms-blog-mundial-3004.png","datePublished":"2026-04-30T07:41:37+00:00","dateModified":"2026-04-30T07:46:33+00:00","description":"El Mundial de F\u00fatbol 2026, que comenzar\u00e1 en junio, se perfila como uno de los mayores acontecimientos publicitarios del a\u00f1o. \u00bfC\u00f3mo destacar en el Mundial 2026? Analizamos el reto de las marcas ante una inversi\u00f3n r\u00e9cord y la necesidad de activar estrategias conectadas en tiempo real.","breadcrumb":{"@id":"https:\/\/wam.global\/es\/wam-room\/el-mundial-2026-pone-a-prueba-la-estrategia-publicitaria-de-las-marcas\/#breadcrumb"},"inLanguage":"es","potentialAction":[{"@type":"ReadAction","target":["https:\/\/wam.global\/es\/wam-room\/el-mundial-2026-pone-a-prueba-la-estrategia-publicitaria-de-las-marcas\/"]}]},{"@type":"ImageObject","inLanguage":"es","@id":"https:\/\/wam.global\/es\/wam-room\/el-mundial-2026-pone-a-prueba-la-estrategia-publicitaria-de-las-marcas\/#primaryimage","url":"https:\/\/wam.global\/wp-content\/uploads\/2026\/04\/wam-comms-blog-mundial-3004.png","contentUrl":"https:\/\/wam.global\/wp-content\/uploads\/2026\/04\/wam-comms-blog-mundial-3004.png","width":1600,"height":900},{"@type":"BreadcrumbList","@id":"https:\/\/wam.global\/es\/wam-room\/el-mundial-2026-pone-a-prueba-la-estrategia-publicitaria-de-las-marcas\/#breadcrumb","itemListElement":[{"@type":"ListItem","position":1,"name":"Portada","item":"https:\/\/wam.global\/es\/"},{"@type":"ListItem","position":2,"name":"El Mundial 2026 pone a prueba la estrategia publicitaria de las marcas"}]},{"@type":"WebSite","@id":"https:\/\/wam.global\/es\/#website","url":"https:\/\/wam.global\/es\/","name":"WAM","description":"The hybrid reference where Technology mixes with Creativity Consulting with Execution and Brands with People.","publisher":{"@id":"https:\/\/wam.global\/es\/#organization"},"alternateName":"WAM","potentialAction":[{"@type":"SearchAction","target":{"@type":"EntryPoint","urlTemplate":"https:\/\/wam.global\/es\/?s={search_term_string}"},"query-input":{"@type":"PropertyValueSpecification","valueRequired":true,"valueName":"search_term_string"}}],"inLanguage":"es"},{"@type":"Organization","@id":"https:\/\/wam.global\/es\/#organization","name":"WAM","alternateName":"WAM","url":"https:\/\/wam.global\/es\/","logo":{"@type":"ImageObject","inLanguage":"es","@id":"https:\/\/wam.global\/es\/#\/schema\/logo\/image\/","url":"https:\/\/wam.global\/wp-content\/uploads\/2025\/09\/wam-logo-black.svg","contentUrl":"https:\/\/wam.global\/wp-content\/uploads\/2025\/09\/wam-logo-black.svg","width":1,"height":1,"caption":"WAM"},"image":{"@id":"https:\/\/wam.global\/es\/#\/schema\/logo\/image\/"},"sameAs":["https:\/\/www.facebook.com\/global.wam","https:\/\/x.com\/wearemktWAM","https:\/\/www.instagram.com\/wamglobal\/","https:\/\/www.linkedin.com\/company\/wearemarketing-wam"],"ownershipFundingInfo":"https:\/\/wam.global\/about\/"},{"@type":"Person","@id":"https:\/\/wam.global\/es\/#\/schema\/person\/621c5e87e8362d3a875154c181a02f53","name":"Diana Serafim","image":{"@type":"ImageObject","inLanguage":"es","@id":"https:\/\/secure.gravatar.com\/avatar\/0588f4c92280d1c5a34ec78a972b8033bc21d6044e51c7750c060e0c76dd2207?s=96&d=mm&r=g","url":"https:\/\/secure.gravatar.com\/avatar\/0588f4c92280d1c5a34ec78a972b8033bc21d6044e51c7750c060e0c76dd2207?s=96&d=mm&r=g","contentUrl":"https:\/\/secure.gravatar.com\/avatar\/0588f4c92280d1c5a34ec78a972b8033bc21d6044e51c7750c060e0c76dd2207?s=96&d=mm&r=g","caption":"Diana Serafim"},"sameAs":["https:\/\/wam.global"],"url":"https:\/\/wam.global\/es\/wam-room\/author\/diana-serafim\/"}]}},"_links":{"self":[{"href":"https:\/\/wam.global\/es\/wp-json\/wp\/v2\/posts\/9264","targetHints":{"allow":["GET"]}}],"collection":[{"href":"https:\/\/wam.global\/es\/wp-json\/wp\/v2\/posts"}],"about":[{"href":"https:\/\/wam.global\/es\/wp-json\/wp\/v2\/types\/post"}],"author":[{"embeddable":true,"href":"https:\/\/wam.global\/es\/wp-json\/wp\/v2\/users\/109"}],"replies":[{"embeddable":true,"href":"https:\/\/wam.global\/es\/wp-json\/wp\/v2\/comments?post=9264"}],"version-history":[{"count":0,"href":"https:\/\/wam.global\/es\/wp-json\/wp\/v2\/posts\/9264\/revisions"}],"wp:featuredmedia":[{"embeddable":true,"href":"https:\/\/wam.global\/es\/wp-json\/wp\/v2\/media\/9265"}],"wp:attachment":[{"href":"https:\/\/wam.global\/es\/wp-json\/wp\/v2\/media?parent=9264"}],"wp:term":[{"taxonomy":"category","embeddable":true,"href":"https:\/\/wam.global\/es\/wp-json\/wp\/v2\/categories?post=9264"},{"taxonomy":"post_tag","embeddable":true,"href":"https:\/\/wam.global\/es\/wp-json\/wp\/v2\/tags?post=9264"},{"taxonomy":"solutions","embeddable":true,"href":"https:\/\/wam.global\/es\/wp-json\/wp\/v2\/solutions?post=9264"},{"taxonomy":"formats","embeddable":true,"href":"https:\/\/wam.global\/es\/wp-json\/wp\/v2\/formats?post=9264"}],"curies":[{"name":"wp","href":"https:\/\/api.w.org\/{rel}","templated":true}]}}